{"id":578,"date":"2021-06-10T14:05:36","date_gmt":"2021-06-10T12:05:36","guid":{"rendered":"https:\/\/www.raz-ol.de\/?p=578"},"modified":"2026-03-04T10:49:05","modified_gmt":"2026-03-04T09:49:05","slug":"ladenlokal-in-der-innenstadt","status":"publish","type":"post","link":"https:\/\/www.raz-ol.de\/en\/ladenlokal-in-der-innenstadt\/","title":{"rendered":"Ladenlokal In der Innenstadt"},"content":{"rendered":"<h1 class=\"wp-block-heading\">Ladenlokal in der Innenstadt<\/h1>\n\n\n\n<figure class=\"wp-block-table is-style-stripes\"><table><tbody><tr><td><strong>M\u00f6gliche Nutzung<\/strong><\/td><td>Ausstellungs-\/Projektraum<\/td><\/tr><tr><td><strong>Zeitraum<\/strong><\/td><td>ab Herbst 2021<\/td><\/tr><tr><td><strong>Gr\u00f6\u00dfe<\/strong><\/td><td>ca. 40 m<sup>2<\/sup><\/td><\/tr><tr><td><strong>Anzahl der R\u00e4ume<\/strong><\/td><td>1<\/td><\/tr><tr><td><strong>Kosten f\u00fcr die Nutzung<\/strong><\/td><td><\/td><\/tr><tr><td><strong>Adresse<\/strong><\/td><td>Achternstr. 66, 26122 Oldenburg<\/td><\/tr><tr><td><strong>Ausstattung<\/strong><\/td><td><\/td><\/tr><\/tbody><\/table><\/figure>\n\n\n\n<figure class=\"wp-block-gallery has-nested-images columns-default is-cropped wp-block-gallery-1 is-layout-flex wp-block-gallery-is-layout-flex\">\n<figure class=\"wp-block-image size-full\"><a href=\"https:\/\/www.raz-ol.de\/wp-content\/uploads\/IMG_0741-1-scaled.jpeg\"><img loading=\"lazy\" decoding=\"async\" width=\"2560\" height=\"1614\" data-id=\"580\" src=\"https:\/\/www.raz-ol.de\/wp-content\/uploads\/IMG_0741-1-scaled.jpeg\" alt=\"Ansicht SWAROVSKI Gesch\u00e4ft\" class=\"wp-image-580\" srcset=\"https:\/\/www.raz-ol.de\/wp-content\/uploads\/IMG_0741-1-scaled.jpeg 2560w, https:\/\/www.raz-ol.de\/wp-content\/uploads\/IMG_0741-1-300x189.jpeg 300w, https:\/\/www.raz-ol.de\/wp-content\/uploads\/IMG_0741-1-150x95.jpeg 150w, https:\/\/www.raz-ol.de\/wp-content\/uploads\/IMG_0741-1-768x484.jpeg 768w, https:\/\/www.raz-ol.de\/wp-content\/uploads\/IMG_0741-1-1536x969.jpeg 1536w, https:\/\/www.raz-ol.de\/wp-content\/uploads\/IMG_0741-1-2048x1291.jpeg 2048w, https:\/\/www.raz-ol.de\/wp-content\/uploads\/IMG_0741-1-540x341.jpeg 540w, https:\/\/www.raz-ol.de\/wp-content\/uploads\/IMG_0741-1-1080x681.jpeg 1080w, https:\/\/www.raz-ol.de\/wp-content\/uploads\/IMG_0741-1-1980x1249.jpeg 1980w\" sizes=\"auto, (max-width: 2560px) 100vw, 2560px\" \/><\/a><\/figure>\n<\/figure>\n\n\n\n<blockquote class=\"wp-block-quote is-layout-flow wp-block-quote-is-layout-flow\">\n<p><strong>Jetzt direkt anfragen!<\/strong><br>Telefon: 0441 24928266<br>E-Mail:\u00a0<a href=\"mailto:kontakt@raz-ol.de\">kontakt@raz-ol.de<\/a><\/p>\n<\/blockquote>\n\n\n\n<p><\/p>","protected":false},"excerpt":{"rendered":"<p>Ladenlokal in der Innenstadt M\u00f6gliche Nutzung Ausstellungs-\/Projektraum Zeitraum ab Herbst 2021 Gr\u00f6\u00dfe ca. 40 m2 Anzahl der R\u00e4ume 1 Kosten f\u00fcr die Nutzung Adresse Achternstr. 66, 26122 Oldenburg&hellip;<\/p>","protected":false},"author":7,"featured_media":579,"comment_status":"closed","ping_status":"closed","sticky":false,"template":"template-full-width-cover.php","format":"standard","meta":{"inline_featured_image":false,"_monsterinsights_skip_tracking":false,"_monsterinsights_sitenote_active":false,"_monsterinsights_sitenote_note":"","_monsterinsights_sitenote_category":0,"_jetpack_memberships_contains_paid_content":false,"footnotes":""},"categories":[1],"tags":[],"class_list":["post-578","post","type-post","status-publish","format-standard","has-post-thumbnail","hentry","category-uncategorized"],"aioseo_notices":[],"jetpack_featured_media_url":"https:\/\/www.raz-ol.de\/wp-content\/uploads\/IMG_0741-scaled.jpeg","jetpack_sharing_enabled":true,"_links":{"self":[{"href":"https:\/\/www.raz-ol.de\/en\/wp-json\/wp\/v2\/posts\/578","targetHints":{"allow":["GET"]}}],"collection":[{"href":"https:\/\/www.raz-ol.de\/en\/wp-json\/wp\/v2\/posts"}],"about":[{"href":"https:\/\/www.raz-ol.de\/en\/wp-json\/wp\/v2\/types\/post"}],"author":[{"embeddable":true,"href":"https:\/\/www.raz-ol.de\/en\/wp-json\/wp\/v2\/users\/7"}],"replies":[{"embeddable":true,"href":"https:\/\/www.raz-ol.de\/en\/wp-json\/wp\/v2\/comments?post=578"}],"version-history":[{"count":5,"href":"https:\/\/www.raz-ol.de\/en\/wp-json\/wp\/v2\/posts\/578\/revisions"}],"predecessor-version":[{"id":3469,"href":"https:\/\/www.raz-ol.de\/en\/wp-json\/wp\/v2\/posts\/578\/revisions\/3469"}],"wp:featuredmedia":[{"embeddable":true,"href":"https:\/\/www.raz-ol.de\/en\/wp-json\/wp\/v2\/media\/579"}],"wp:attachment":[{"href":"https:\/\/www.raz-ol.de\/en\/wp-json\/wp\/v2\/media?parent=578"}],"wp:term":[{"taxonomy":"category","embeddable":true,"href":"https:\/\/www.raz-ol.de\/en\/wp-json\/wp\/v2\/categories?post=578"},{"taxonomy":"post_tag","embeddable":true,"href":"https:\/\/www.raz-ol.de\/en\/wp-json\/wp\/v2\/tags?post=578"}],"curies":[{"name":"wp","href":"https:\/\/api.w.org\/{rel}","templated":true}]}}