{"id":347,"date":"2021-03-18T14:08:30","date_gmt":"2021-03-18T13:08:30","guid":{"rendered":"https:\/\/www.raz-ol.de\/?p=347"},"modified":"2021-03-19T13:26:34","modified_gmt":"2021-03-19T12:26:34","slug":"ausstellungsraum-in-den-schlosshoefen","status":"publish","type":"post","link":"https:\/\/www.raz-ol.de\/en\/ausstellungsraum-in-den-schlosshoefen\/","title":{"rendered":"Ausstellungsraum in den Schlossh\u00f6fen"},"content":{"rendered":"<h1 class=\"wp-block-heading\">Ausstellungsraum in den Schlossh\u00f6feN <\/h1>\n\n\n\n<figure class=\"wp-block-table is-style-stripes\"><table><tbody><tr><td><strong>M\u00f6gliche Nutzung<\/strong><\/td><td>Ausstellung, Atelier f\u00fcr K\u00fcnstler*innen<\/td><\/tr><tr><td><strong>Gr\u00f6\u00dfe<\/strong><\/td><td>ca. 100 m<sup>2<\/sup><\/td><\/tr><tr><td><strong>Anzahl der R\u00e4ume<\/strong><\/td><td>1<\/td><\/tr><tr><td><strong>Kosten f\u00fcr die Nutzung<\/strong><\/td><td>keine laufenden Kosten<\/td><\/tr><tr><td><strong>Adresse<\/strong><\/td><td>Schlo\u00dfplatz 3, 26122 Oldenburg<\/td><\/tr><tr><td><strong>Ausstattung<\/strong><\/td><td>Inventar wird entfernt, es bleiben: wei\u00dfe W\u00e4nde, Boden, Deckenstrahler, verstellbare Glasstellw\u00e4nde<br>EG, zentrale Lage in Einkaufszentrum, evtl. m\u00f6gliche Anfertigung weiteren Inventars durch die Schlossh\u00f6fe<\/td><\/tr><\/tbody><\/table><\/figure>\n\n\n\n<figure class=\"wp-block-gallery columns-3 is-cropped wp-block-gallery-1 is-layout-flex wp-block-gallery-is-layout-flex\"><ul class=\"blocks-gallery-grid\"><li class=\"blocks-gallery-item\"><figure><a href=\"https:\/\/www.raz-ol.de\/wp-content\/uploads\/Violas1.jpg\"><img loading=\"lazy\" decoding=\"async\" width=\"1600\" height=\"1200\" src=\"https:\/\/www.raz-ol.de\/wp-content\/uploads\/Violas1.jpg\" alt=\"\" data-id=\"489\" data-full-url=\"https:\/\/www.raz-ol.de\/wp-content\/uploads\/Violas1.jpg\" data-link=\"https:\/\/www.raz-ol.de\/?attachment_id=489\" class=\"wp-image-489\" srcset=\"https:\/\/www.raz-ol.de\/wp-content\/uploads\/Violas1.jpg 1600w, https:\/\/www.raz-ol.de\/wp-content\/uploads\/Violas1-300x225.jpg 300w, https:\/\/www.raz-ol.de\/wp-content\/uploads\/Violas1-150x113.jpg 150w, https:\/\/www.raz-ol.de\/wp-content\/uploads\/Violas1-768x576.jpg 768w, https:\/\/www.raz-ol.de\/wp-content\/uploads\/Violas1-1536x1152.jpg 1536w, https:\/\/www.raz-ol.de\/wp-content\/uploads\/Violas1-540x405.jpg 540w, https:\/\/www.raz-ol.de\/wp-content\/uploads\/Violas1-1080x810.jpg 1080w\" sizes=\"auto, (max-width: 1600px) 100vw, 1600px\" \/><\/a><\/figure><\/li><li class=\"blocks-gallery-item\"><figure><a href=\"https:\/\/www.raz-ol.de\/wp-content\/uploads\/Violas2.jpg\"><img loading=\"lazy\" decoding=\"async\" width=\"1600\" height=\"1200\" src=\"https:\/\/www.raz-ol.de\/wp-content\/uploads\/Violas2.jpg\" alt=\"\" data-id=\"493\" data-full-url=\"https:\/\/www.raz-ol.de\/wp-content\/uploads\/Violas2.jpg\" data-link=\"https:\/\/www.raz-ol.de\/?attachment_id=493\" class=\"wp-image-493\" srcset=\"https:\/\/www.raz-ol.de\/wp-content\/uploads\/Violas2.jpg 1600w, https:\/\/www.raz-ol.de\/wp-content\/uploads\/Violas2-300x225.jpg 300w, https:\/\/www.raz-ol.de\/wp-content\/uploads\/Violas2-150x113.jpg 150w, https:\/\/www.raz-ol.de\/wp-content\/uploads\/Violas2-768x576.jpg 768w, https:\/\/www.raz-ol.de\/wp-content\/uploads\/Violas2-1536x1152.jpg 1536w, https:\/\/www.raz-ol.de\/wp-content\/uploads\/Violas2-540x405.jpg 540w, https:\/\/www.raz-ol.de\/wp-content\/uploads\/Violas2-1080x810.jpg 1080w\" sizes=\"auto, (max-width: 1600px) 100vw, 1600px\" \/><\/a><\/figure><\/li><li class=\"blocks-gallery-item\"><figure><a href=\"https:\/\/www.raz-ol.de\/wp-content\/uploads\/Violas6.jpg\"><img loading=\"lazy\" decoding=\"async\" width=\"1600\" height=\"1200\" src=\"https:\/\/www.raz-ol.de\/wp-content\/uploads\/Violas6.jpg\" alt=\"\" data-id=\"498\" data-full-url=\"https:\/\/www.raz-ol.de\/wp-content\/uploads\/Violas6.jpg\" data-link=\"https:\/\/www.raz-ol.de\/?attachment_id=498\" class=\"wp-image-498\" srcset=\"https:\/\/www.raz-ol.de\/wp-content\/uploads\/Violas6.jpg 1600w, https:\/\/www.raz-ol.de\/wp-content\/uploads\/Violas6-300x225.jpg 300w, https:\/\/www.raz-ol.de\/wp-content\/uploads\/Violas6-150x113.jpg 150w, https:\/\/www.raz-ol.de\/wp-content\/uploads\/Violas6-768x576.jpg 768w, https:\/\/www.raz-ol.de\/wp-content\/uploads\/Violas6-1536x1152.jpg 1536w, https:\/\/www.raz-ol.de\/wp-content\/uploads\/Violas6-540x405.jpg 540w, https:\/\/www.raz-ol.de\/wp-content\/uploads\/Violas6-1080x810.jpg 1080w\" sizes=\"auto, (max-width: 1600px) 100vw, 1600px\" \/><\/a><\/figure><\/li><\/ul><\/figure>\n\n\n\n<blockquote class=\"wp-block-quote is-layout-flow wp-block-quote-is-layout-flow\"><p><strong>Jetzt direkt anfragen!<\/strong><br>Telefon: 0441 24928266<br>E-Mail:&nbsp;<a href=\"mailto:kontakt@raz-ol.de\">kontakt@raz-ol.de<\/a><\/p><\/blockquote>","protected":false},"excerpt":{"rendered":"<p>Ausstellungsraum in den Schlossh\u00f6feN M\u00f6gliche Nutzung Ausstellung, Atelier f\u00fcr K\u00fcnstler*innen Gr\u00f6\u00dfe ca. 100 m2 Anzahl der R\u00e4ume 1 Kosten f\u00fcr die Nutzung keine laufenden Kosten Adresse Schlo\u00dfplatz 3,&hellip;<\/p>","protected":false},"author":2,"featured_media":490,"comment_status":"closed","ping_status":"closed","sticky":false,"template":"template-full-width-cover.php","format":"standard","meta":{"inline_featured_image":false,"_monsterinsights_skip_tracking":false,"_monsterinsights_sitenote_active":false,"_monsterinsights_sitenote_note":"","_monsterinsights_sitenote_category":0,"_jetpack_memberships_contains_paid_content":false,"footnotes":""},"categories":[1],"tags":[],"class_list":["post-347","post","type-post","status-publish","format-standard","has-post-thumbnail","hentry","category-uncategorized"],"aioseo_notices":[],"jetpack_featured_media_url":"https:\/\/www.raz-ol.de\/wp-content\/uploads\/Violas4.jpg","jetpack_sharing_enabled":true,"_links":{"self":[{"href":"https:\/\/www.raz-ol.de\/en\/wp-json\/wp\/v2\/posts\/347","targetHints":{"allow":["GET"]}}],"collection":[{"href":"https:\/\/www.raz-ol.de\/en\/wp-json\/wp\/v2\/posts"}],"about":[{"href":"https:\/\/www.raz-ol.de\/en\/wp-json\/wp\/v2\/types\/post"}],"author":[{"embeddable":true,"href":"https:\/\/www.raz-ol.de\/en\/wp-json\/wp\/v2\/users\/2"}],"replies":[{"embeddable":true,"href":"https:\/\/www.raz-ol.de\/en\/wp-json\/wp\/v2\/comments?post=347"}],"version-history":[{"count":12,"href":"https:\/\/www.raz-ol.de\/en\/wp-json\/wp\/v2\/posts\/347\/revisions"}],"predecessor-version":[{"id":516,"href":"https:\/\/www.raz-ol.de\/en\/wp-json\/wp\/v2\/posts\/347\/revisions\/516"}],"wp:featuredmedia":[{"embeddable":true,"href":"https:\/\/www.raz-ol.de\/en\/wp-json\/wp\/v2\/media\/490"}],"wp:attachment":[{"href":"https:\/\/www.raz-ol.de\/en\/wp-json\/wp\/v2\/media?parent=347"}],"wp:term":[{"taxonomy":"category","embeddable":true,"href":"https:\/\/www.raz-ol.de\/en\/wp-json\/wp\/v2\/categories?post=347"},{"taxonomy":"post_tag","embeddable":true,"href":"https:\/\/www.raz-ol.de\/en\/wp-json\/wp\/v2\/tags?post=347"}],"curies":[{"name":"wp","href":"https:\/\/api.w.org\/{rel}","templated":true}]}}